{"id":123,"date":"2020-04-14T19:16:01","date_gmt":"2020-04-14T17:16:01","guid":{"rendered":"http:\/\/defensevalleevalliere.com\/?p=123"},"modified":"2020-04-14T19:16:01","modified_gmt":"2020-04-14T17:16:01","slug":"ag-2019-compte-rendu-de-lassemblee-generale-du-22-mars-2019","status":"publish","type":"post","link":"http:\/\/defensevalleevalliere.com\/index.php\/2020\/04\/14\/ag-2019-compte-rendu-de-lassemblee-generale-du-22-mars-2019\/","title":{"rendered":"AG 2019 compte-rendu de l&rsquo;Assembl\u00e9e G\u00e9n\u00e9rale du 22 mars 2019"},"content":{"rendered":"<p>Rapport d\u2019activit\u00e9s<br \/>\nPr\u00e9sent\u00e9 par J\u00e9r\u00f4me CORDELLIER<\/p>\n<p>Sont list\u00e9es les nombreuses activit\u00e9s associatives, repr\u00e9sentatives, r\u00e9unions, instances diverses du territoire.<br \/>\nDe m\u00eame un rappel est fait des actions men\u00e9es pendant l\u2019ann\u00e9e 2018 :<br \/>\nReprise des Jeux InterValli\u00e8re<br \/>\nMarch\u00e9s des producteurs mensuels d\u2019avril \u00e0 octobre inclus alternant entre Revigny et Conli\u00e8ge.<br \/>\nCr\u00e9ation du caf\u00e9 associatif \u00e0 Revigny : Le Valtroquet dont l\u2019AG constitutive a eu lieu \u00e0 Conli\u00e8ge le 26 septembre 2018.<br \/>\nEnfin la poursuite du projet ADEFOR 39 pour la Vall\u00e9e sur les Communes de Montaigu, Perrigny, Conli\u00e8ge et Revigny, dont on reparlera pendant le rapport moral.<\/p>\n<p>Rapport Financier<br \/>\npr\u00e9sent\u00e9 par Colette GUILEMAUT<\/p>\n<p>Compte \u00e0 vue : CREDIT de 2389 euros 37<br \/>\nCompte sur livret A : 2513 euros 98<\/p>\n<p>Le rapport financier est soumis au vote.<br \/>\nAccept\u00e9 \u00e0 l\u2019unanimit\u00e9.<br \/>\nRapport Moral<br \/>\nPr\u00e9sent\u00e9 par Pierre CHAVON<\/p>\n<p>Apr\u00e8s avoir pr\u00e9sent\u00e9 les excuses de Mme le Maire de Perrigny, M le Maire de Verges, de Gevingey, de Mme la VP Mobilit\u00e9 d\u2019ECLA,<br \/>\nLe pr\u00e9sident remercie les personnalit\u00e9s pr\u00e9sentes :<br \/>\nMadame la d\u00e9put\u00e9e du Jura<br \/>\nMonsieur le Pr\u00e9sident du D\u00e9partement<br \/>\nMonsieur le Pr\u00e9sident d\u2019ECLA<br \/>\nMonsieur le Conseiller R\u00e9gional<br \/>\nMonsieur le Vice pr\u00e9sident du D\u00e9partement,<br \/>\nMonsieur le Conseiller D\u00e9partemental,<br \/>\nMessieurs les VP d\u2019ECLA, Maires des communes<br \/>\nMessieurs les Maires des Communes (Montmorot, Villeneuve, Pannessi\u00e8res, Montaigu, Briod, Conli\u00e8ge, Revigny),<br \/>\nMesdames et Messieurs les \u00e9lus, adjoints, conseillers,<br \/>\nRemerciements \u00e0 tous les adh\u00e9rents pr\u00e9sents qui soutiennent l\u2019association depuis 17 ans.<\/p>\n<p>Si l\u2019association a \u00e9largi le champ de ses objectifs, il n\u2019en reste pas pas moins que l\u2019objet initial reste l\u2019essentiel de notre action, car le passage des PL dans les villages n\u2019est pas seulement une source de pollution et dangerosit\u00e9, mais c\u2019est aussi une g\u00eane consid\u00e9rable au lien social. La population en souffre. \u00ab\u00a0C\u2019est pourquoi je salue particuli\u00e8rement la pr\u00e9sence de Mr le Pr\u00e9sident du CD 39 et lui laisserai une large parole concernant les propositions du d\u00e9partement face \u00e0 ce probl\u00e8me\u00a0\u00bb.<\/p>\n<p>Comme chaque ann\u00e9e quelques mots sont prononc\u00e9s sur les transports et la mobilit\u00e9 en g\u00e9n\u00e9ral pour \u00e9voquer cette ann\u00e9e :<br \/>\nles trains de voyageurs<br \/>\nles cars \u00ab\u00a0Macrons\u00a0\u00bb SLO<br \/>\nles Autoroutes conc\u00e9d\u00e9es<br \/>\nla pollution<\/p>\n<p>Soutien affich\u00e9 \u00e0 l\u2019APVFJ qui lutte vigoureusement et avec des arguments fond\u00e9s, contre la suppression de certains trains notamment le TGV Strasbourg Marseille (un AR\/ jour) qui a disparu le 9 d\u00e9cembre dernier et le TGV Lyria allant \u00e0 Paris par Dole et Mouchard. Sans parler de la fermeture de certaines gares et la vente de billets maintenant avec surtaxe quand ils sont achet\u00e9s dans le train !<\/p>\n<p>Concernant les cars Macron dont nous avions d\u00e9nonc\u00e9 en 2016, les risques de concurrence par rapport aux trains existants. Ils s\u2019appellent maintenant SLO services librement organis\u00e9s, et ont b\u00e9n\u00e9fici\u00e9 d\u2019une aide publique de 24 Millions d\u2019\u20ac selon une \u00e9tude du cabinet ADETEC, \u00e9tude sugg\u00e9r\u00e9e par la FNAUT. On ne parle pas de co\u00fbts externes (sant\u00e9, pollution, encombrements, CO2&#8230;) mais de co\u00fbts d\u2019usage (route) financ\u00e9s par l\u2019\u00c9tat et les R\u00e9gions, ce sont les chiffres du Conseil G\u00e9n\u00e9ral du D\u00e9veloppement Durable, et pertes de recettes du TER compens\u00e9es par les R\u00e9gions. Quand \u00e0 la perte de client\u00e8le TGV et Intercit\u00e9s, elle a co\u00fbt\u00e9 54 M\u20ac \u00e0 SNCF Mobilit\u00e9s.<br \/>\nDe la m\u00eame fa\u00e7on il y a un peu plus de 10 ans, nous d\u00e9noncions ce que nous avions appel\u00e9 \u00ab\u00a0la vente des b\u00e9n\u00e9fices des autoroutes \u00e0 des soci\u00e9t\u00e9s priv\u00e9es\u00a0\u00bb. C\u2019\u00e9taient nos mots \u00e0 l\u2019\u00e9poque. Ce sont les maux de tous aujourd\u2019hui. Les b\u00e9n\u00e9fices sont de l\u2019ordre de 1,5 Milliards \u20ac pour un chiffre d\u2019affaires de 8 Milliards \u20ac. Les b\u00e9n\u00e9fices encaiss\u00e9s d\u00e9passent tout ce qu\u2019on peut imaginer surtout sans prendre de risques financiers et sans investissements.<\/p>\n<p>Face \u00e0 ces \u00e9l\u00e9ments difficiles \u00e0 comprendre, nous constatons que la pollution est importante et que le r\u00e9chauffement climatique du globe terrestre progresse.<br \/>\nCes quatre derni\u00e8res ann\u00e9es ont \u00e9t\u00e9 les plus chaudes enregistr\u00e9es au niveau du globe depuis le d\u00e9but des enregistrements de temp\u00e9rature (entre 1880 et 1900).<br \/>\nSe pr\u00e9server de la pollution des PL, leur dangerosit\u00e9, et la destruction sociale engendr\u00e9e c\u2019est am\u00e9liorer la qualit\u00e9 de vie de la population de la Vall\u00e9e et participer \u00e0 l\u2019embellissement d\u2019un site naturel d\u2019exception.<br \/>\nNous laisserons Monsieur le Pr\u00e9sident du d\u00e9partement s\u2019exprimer sur le sujet, concernant la Vall\u00e9e de la Valli\u00e8re et les travaux pr\u00e9vus sur la pente de Montaigu.<\/p>\n<p>En attendant, comme cela a \u00e9t\u00e9 rappel\u00e9 dans le rapport d\u2019activit\u00e9s, nous \u00e9voquerons nos principales actions men\u00e9es r\u00e9cemment ou encore en cours :<br \/>\nJeux InterVillages<\/p>\n<p>On vous en avez parl\u00e9 l\u2019an dernier. Il y avait une demande de les voir r\u00e9appara\u00eetre. L\u2019association des Jeux existait d\u00e9j\u00e0. C\u2019est donc une r\u00e9activation avec la participation active des Communes. En 2018, les jeux ont eu lieu \u00e0 Conli\u00e8ge. Parfaitement organis\u00e9s par Conli\u00e8ge en la personne de Didier MENETRIER. C\u2019\u00e9tait r\u00e9ussi par l\u2019ambiance familiale et tr\u00e8s bon enfant, avec repas le soir \u00e0 l\u2019abri de l\u2019orage qui a \u00e9clat\u00e9 brutalement apr\u00e8s une journ\u00e9e ensoleill\u00e9e. L\u2019AG des Jeux a eu lieu ce 13 mars dernier. Cette ann\u00e9e ils auront lieu \u00e0 Briod le samedi 25 mai 2019 avec la participation annonc\u00e9e des communes du plateau. Les choses se pr\u00e9sentent au mieux. L\u00e0 encore nous en parlons mais c\u2019est une association \u00e0 part enti\u00e8re. Nous n\u2019avons fait que relancer ce qui existait. Cette activit\u00e9 sort maintenant de notre actif.<br \/>\nLe Caf\u00e9 associatif. Il est n\u00e9, le 26 septembre.Il a fallu le mettre en route et ce f\u00fbt l\u2019objet d\u2019un assez gros travail depuis la derni\u00e8re AG, jusqu\u2019\u00e0 fin septembre. Il fonctionne et vit sa vie d\u2019association , nous n\u2019en parlerons plus sinon pour vous en dire tout le bien que nous en pensons, et de la diversit\u00e9 de ses activit\u00e9s. Les membres du CA regroupent des habitants de Revigny, Conli\u00e8ge, Perrigny, Montaigu, et Saint-Maur. Il y a des activit\u00e9s tr\u00e8s diff\u00e9rentes chaque mois. Et aussi une permanence les mercredis matins de 10h \u00e0 12h environ. Une fondue a \u00e9t\u00e9 organis\u00e9e \u00e0 la demande des habitants le mercredi 6 mars o\u00f9 nous \u00e9tions 18. \u00c7a fonctionne. Cette nouvelle association tiendra probablement son AG en septembre.<br \/>\nLes march\u00e9s de producteurs. Ils sont toujours port\u00e9s par notre association, en partenariat \u00e9troit avec les Communes de Revigny et Conli\u00e8ge et leurs Maires. En rappel chaque premier mercredi du mois d\u2019avril \u00e0 octobre, un march\u00e9 est organis\u00e9 alternant entre les deux communes de Revigny et Conli\u00e8ge. Les producteurs ont parfaitement jou\u00e9 le jeux en venant avec assiduit\u00e9 \u00e0 nos march\u00e9s \u00e0 Conli\u00e8ge et Revigny. Cela pourra durer dans la mesure o\u00f9 les habitants sont int\u00e9ress\u00e9s et viennent aux march\u00e9s. Ce n\u2019est pas si simple \u00e0 organiser. Le bilan de l\u2019an dernier \u00e9tait assez mitig\u00e9 mais les producteurs y trouver encore leur compte. Si la client\u00e8le diminue, ce sera diff\u00e9rent. On arr\u00eatera.<br \/>\nLe premier de cette saison est pr\u00e9vu le mercredi 3 avril \u00e0 Revigny. Nous avons toujours fait en sorte qu\u2019on puisse d\u00eener sur place en fin de march\u00e9, ce qui apporte une animation suppl\u00e9mentaire aux villages. On a bon espoir en pensant que cette ann\u00e9e les habitants auront mieux en t\u00eate cette animation et seront plus pr\u00e9sents. Celui de mai aura lieu \u00e0 Conli\u00e8ge le mercredi 1er mai \u00e0 17 h.<\/p>\n<p>ADEFOR 39 : chantier ouvert !<br \/>\nLe travail entrepris avec l\u2019ADEFOR 39 est un travail de longue haleine dont nous ne connaissons pas l\u2019aboutissement avec pr\u00e9cisions, mais qui s\u2019attaque \u00e0 la Vall\u00e9e dans son ensemble paysager tout en luttant contre l\u2019enfrichement. Mais c\u2019est aussi l\u2019id\u00e9e de redessiner le paysage et reconqu\u00e9rir des terres agricoles, ou vinicoles, car il y a une demande actuelle. Et c\u2019est ce qui en fait aussi un projet \u00e9conomique. Maureen Constantin nous avait clairement parler du projet lors de notre derni\u00e8re AG \u00e0 Revigny. Les partenaires locaux envisageables sont nombreux : Chambre d\u2019Agri, GAB, viticulteurs, CFPPA avec les Espaces Tests Agricoles (Pays L\u00e9donien)&#8230; Pas simple, mais possible avec l\u2019ADEFOR. C\u2019est s\u00fbrement le projet le plus ambitieux qu\u2019on puisse avoir pour la Vall\u00e9e, celui qui est \u00e0 mener avec les communes, et qui prendra beaucoup de temps. Nous avions inform\u00e9 les Maires d\u00e9but 2018 \u00e0 deux reprises, puis en AG en mars.<\/p>\n<p>Avant tout, il est n\u00e9cessaire d\u2019avoir un diagnostic pr\u00e9cis de l\u2019\u00e9tat de la Vall\u00e9e et ses enjeux \u00e0 trois niveaux : forestier, agricole, et environnemental. C\u2019est ce qui permettra de construire le projet sur des bases saines. Nous n\u2019avons pas encore le montant de ces devis que nous communiquerons rapidement aux Maires des communes. Mais il nous faudra revoir Sarah Persil du Pays L\u00e9donien avec les devis pour trouver des possibilit\u00e9s de financement avant de r\u00e9unir tout le monde Maires, ADEFOR, DVV.<br \/>\nA ce propos, je voudrais vous demander votre avis sur une \u00e9ventuelle participation financi\u00e8re de DVV \u00e0 ces diagnostics dont le financement restera difficile.<br \/>\n1\u00b0) Seriez-vous d\u2019accord pour que l\u2019association participe au financement ?<br \/>\n2\u00b0) Quelle hauteur 1000, 2000, 3000, 4000 ?<br \/>\nDeux avantages :<br \/>\nMarquer notre engagement et inciter les communes \u00e0 suivre ce projet ;<br \/>\n\u00catre partenaire y compris financi\u00e8rement, c\u2019est faire partie du projet comme acteur local associ\u00e9.<br \/>\nColette pense de son c\u00f4t\u00e9 que 2000 serait le maximum. Une grosse majorit\u00e9 se rallie \u00e0 cette somme de 2000\u20ac maximum \u00e0 engager sur les montants des devis \u00e0 payer.<br \/>\nIl faut bien comprendre que rien n\u2019est fait. Tout sera discut\u00e9 avec les Municipalit\u00e9s des Communes, et les d\u00e9cisions seront prises apr\u00e8s avoir fourni le montants des devis et les aides possibles.<\/p>\n<p>Conclusions<br \/>\n&#8211; Diminuer le trafic routier et les camions dans la Vall\u00e9e<br \/>\n&#8211; Apporter une animation dans les villages avec les march\u00e9s essentiellement alimentaires avec des producteurs locaux, BIO pour l\u2019essentiel<br \/>\nProposer une offre culturelle, familiale, d\u2019animation dans la Vall\u00e9e, avec le Valtroquet,<br \/>\nOrganiser des rencontres entre les villages avec les Jeux Inter Villages.<br \/>\nPr\u00e9voir une r\u00e9ouverture de paysage dans la Vall\u00e9e et soutenir une activit\u00e9 \u00e9conomique par le biais de l\u2019agriculture, viticulture et for\u00eats.<br \/>\nC\u2019est s\u2019occuper de notre Territoire parce que la place que nous occupons y est propice, par le travail avec les autres associations, les \u00e9lus, l\u2019agglo ECLA, et le D\u00e9partement. Souvent nous ne sommes que le catalyseur des actions men\u00e9es en partenariat avec d\u2019autres &#8230;<br \/>\nDiscussions et paroles aux \u00e9lus&#8230;<\/p>\n<p>Monsieur le Pr\u00e9sident du Conseil D\u00e9partemental s\u2019exprime au sujet des travaux pr\u00e9vus sur le RD 52, pente de Montaigu. Le tunnel actuel sera remplac\u00e9 par un tunnel deux voies pour aller et retour de la Plaine de Jeux. L\u2019acc\u00e8s au quartier du P\u00e9rosey sera conserv\u00e9. Par contre la sortie pour rejoindre le giratoire de Perrigny sera ferm\u00e9 car il d\u00e9boucherait sur la file Poids Lourds de la descente.<br \/>\nUne demande d\u2019enqu\u00eate publique est faite par le Conseiller D\u00e9partemental Ch BOIS, et le conseiller municipal Ville de LONS, Claude BORCARD, du fait du d\u00e9classement de la route qui sera ferm\u00e9e (Commune de Montaigu). Selon les services Techniques du D\u00e9partement, il n\u2019y a pas d\u2019argument r\u00e8glementaire qui justifie une enqu\u00eate publique. Une longue discussion est engag\u00e9e \u00e0 ce sujet. Les adh\u00e9rents de l\u2019association r\u00e9agissent et pensent qu\u2019une enqu\u00eate va retarder les travaux avec un risque en 2021 d\u2019un changement au sein du CD39 apr\u00e8s \u00e9lections. Ce qui est d\u00e9j\u00e0 arriv\u00e9. Le risque est celui d\u2019un abandon de projet. Les adh\u00e9rents restent tr\u00e8s oppos\u00e9s \u00e0 tout retard. Les villages sont en souffrance \u00e0 plusieurs niveaux du fait de la pr\u00e9sence de Poids lourds : bruit, pollution, odeurs, s\u00e9curit\u00e9, destruction de la vie de village et lien social pour ce qui est du plus visible. Il est clairement demand\u00e9 de ne pas prendre de retard et ne pas faire d\u2019enqu\u00eate d\u2019utilit\u00e9 publique si ce n\u2019est pas indispensable.<\/p>\n<p>Monsieur le Pr\u00e9sident d\u2019ECLA, Patrick ELVEZI, pr\u00e9sente alors le projet de cheminement doux dans la Vall\u00e9e de Lons \u00e0 Revigny en montrant les plans du projet. L\u2019essentiel de la voie nouvelle serait sur le chemin en rive gauche de la Valli\u00e8re. Seul le tron\u00e7on Conli\u00e8ge-Revigny serait sur la route en une piste bidirectionnelle.<br \/>\n\u00c9lections des membres du CA<\/p>\n<p>Deux membres sortants : Jean-Claude VI\u00c9, et Pierre CHAVON.<br \/>\n\u00c9lus \u00e0 l\u2019unanimit\u00e9.<br \/>\nTrois d\u00e9missionnaires : Beno\u00eet PARISOT, Sylvain SANCHEZ, Stephen BILLARD.<br \/>\nLe nombre de membres passent de 19 \u00e0 16.<\/p>\n<p>L\u2019Assembl\u00e9e G\u00e9n\u00e9rale est termin\u00e9e.<br \/>\nTous les participants sont invit\u00e9s \u00e0 boire le verre de l\u2019amiti\u00e9. La soir\u00e9e se prolongera en discussions entre tous, adh\u00e9rents et \u00e9lus.<br \/>\nUne belle Assembl\u00e9e G\u00e9n\u00e9rale avec plus de 90 personnes pr\u00e9sentes.<\/p>\n","protected":false},"excerpt":{"rendered":"<p>Rapport d\u2019activit\u00e9s Pr\u00e9sent\u00e9 par J\u00e9r\u00f4me CORDELLIER Sont list\u00e9es les nombreuses activit\u00e9s associatives, repr\u00e9sentatives, r\u00e9unions, instances diverses du territoire. De m\u00eame un rappel est fait des actions men\u00e9es pendant l\u2019ann\u00e9e 2018 : Reprise des Jeux InterValli\u00e8re March\u00e9s des producteurs mensuels d\u2019avril \u00e0 octobre inclus alternant entre Revigny et Conli\u00e8ge. Cr\u00e9ation du caf\u00e9 associatif \u00e0 Revigny : &hellip; <\/p>\n<p class=\"link-more\"><a href=\"http:\/\/defensevalleevalliere.com\/index.php\/2020\/04\/14\/ag-2019-compte-rendu-de-lassemblee-generale-du-22-mars-2019\/\" class=\"more-link\">Continuer la lecture<span class=\"screen-reader-text\"> de &laquo;&nbsp;AG 2019 compte-rendu de l&rsquo;Assembl\u00e9e G\u00e9n\u00e9rale du 22 mars 2019&nbsp;&raquo;<\/span><\/a><\/p>\n","protected":false},"author":1,"featured_media":0,"comment_status":"open","ping_status":"open","sticky":false,"template":"","format":"standard","meta":[],"categories":[1],"tags":[],"_links":{"self":[{"href":"http:\/\/defensevalleevalliere.com\/index.php\/wp-json\/wp\/v2\/posts\/123"}],"collection":[{"href":"http:\/\/defensevalleevalliere.com\/index.php\/wp-json\/wp\/v2\/posts"}],"about":[{"href":"http:\/\/defensevalleevalliere.com\/index.php\/wp-json\/wp\/v2\/types\/post"}],"author":[{"embeddable":true,"href":"http:\/\/defensevalleevalliere.com\/index.php\/wp-json\/wp\/v2\/users\/1"}],"replies":[{"embeddable":true,"href":"http:\/\/defensevalleevalliere.com\/index.php\/wp-json\/wp\/v2\/comments?post=123"}],"version-history":[{"count":1,"href":"http:\/\/defensevalleevalliere.com\/index.php\/wp-json\/wp\/v2\/posts\/123\/revisions"}],"predecessor-version":[{"id":124,"href":"http:\/\/defensevalleevalliere.com\/index.php\/wp-json\/wp\/v2\/posts\/123\/revisions\/124"}],"wp:attachment":[{"href":"http:\/\/defensevalleevalliere.com\/index.php\/wp-json\/wp\/v2\/media?parent=123"}],"wp:term":[{"taxonomy":"category","embeddable":true,"href":"http:\/\/defensevalleevalliere.com\/index.php\/wp-json\/wp\/v2\/categories?post=123"},{"taxonomy":"post_tag","embeddable":true,"href":"http:\/\/defensevalleevalliere.com\/index.php\/wp-json\/wp\/v2\/tags?post=123"}],"curies":[{"name":"wp","href":"https:\/\/api.w.org\/{rel}","templated":true}]}}